{"id":7097,"date":"2016-03-30T09:55:56","date_gmt":"2016-03-30T09:55:56","guid":{"rendered":"https:\/\/www.white-baos.com\/le-deces-du-proprietaire-les-heritiers-et-le-contrat-de-location\/"},"modified":"2020-09-10T07:25:36","modified_gmt":"2020-09-10T07:25:36","slug":"le-deces-du-proprietaire-les-heritiers-et-le-contrat-de-location","status":"publish","type":"post","link":"https:\/\/www.white-baos.com\/fr\/le-deces-du-proprietaire-les-heritiers-et-le-contrat-de-location\/","title":{"rendered":"Le d\u00e9c\u00e8s du Propri\u00e9taire. Les h\u00e9ritiers et le contrat de location."},"content":{"rendered":"<p style=\"text-align: justify;\"><em>Question&nbsp;:<\/em><\/p>\n<p style=\"text-align: justify;\"><em>Cher avocat,<\/em><\/p>\n<p style=\"text-align: justify;\"><em>Ma m&egrave;re est d&eacute;c&eacute;d&eacute;e il y a quelques jours, et mes fr&egrave;res et moi sommes les h&eacute;ritiers d&rsquo;apr&egrave;s ce qui est indiqu&eacute; dans son testament espagnol, bien que nous n&rsquo;ayons pas encore sign&eacute; l&rsquo;h&eacute;ritage en Espagne. En principe, nous sommes tous d&rsquo;accord et ne pensons pas qu&rsquo;il y ait de probl&egrave;me entre nous. Ma m&egrave;re avait une maison &agrave; Denia qu&rsquo;elle louait. Le bail est-il consid&eacute;r&eacute; comme termin&eacute; apr&egrave;s sa mort&nbsp;? Pouvons-nous louer la propri&eacute;t&eacute; m&ecirc;me si nous n&rsquo;avons pas sign&eacute; les papiers de l&rsquo;h&eacute;ritage&nbsp;? Pouvez-vous nous aider lors de la proc&eacute;dure d&rsquo;h&eacute;ritage en Espagne&nbsp;? Merci pour votre aide.<\/em><\/p>\n<p style=\"text-align: justify;\"><em>&nbsp;<\/em><\/p>\n<p style=\"text-align: justify;\">Cher lecteur, merci pour votre courrier, et en premier lieu nous souhaitons vous pr&eacute;senter nos condol&eacute;ances pour la perte de votre m&egrave;re.<\/p>\n<p style=\"text-align: justify;\">Quant &agrave; votre question, nous vous informons de fa&ccedil;on g&eacute;n&eacute;rale que notre cabinet peut vous conseiller concernant l&rsquo;h&eacute;ritage, et se charger des d&eacute;marches dans sa totalit&eacute;, du paiement des imp&ocirc;ts, etc.<\/p>\n<p style=\"text-align: justify;\">En ce qui concerne les questions que vous nous posez, vous devez savoir que&nbsp;:<\/p>\n<p style=\"text-align: justify;\">1.- Le d&eacute;c&egrave;s de votre m&egrave;re, qui, j&rsquo;entends, &eacute;tait propri&eacute;taire et louait, ne met pas fin au contrat, car ce n&rsquo;est pas une cause de cessation de ce dernier. Ainsi, par cons&eacute;quent en principe, le contrat de location continuera pour le d&eacute;lai et dans les termes convenus, car les h&eacute;ritiers occupent la position de la d&eacute;funte.<\/p>\n<p style=\"text-align: justify;\">Le contrat de bail ne terminerait que si votre m&egrave;re &eacute;tait l&rsquo;usufruiti&egrave;re, c&rsquo;est-&agrave;-dire si elle avait l&rsquo;usage et la jouissance de la propri&eacute;t&eacute; mais qu&rsquo;elle n&rsquo;en &eacute;tait pas la propri&eacute;taire.<\/p>\n<p style=\"text-align: justify;\">Si c&rsquo;&eacute;tait le cas, conform&eacute;ment &agrave; l&rsquo;article 13.2 de la <strong>Loi des Baux Urbains <\/strong>(loi 29\/1994), comme le d&eacute;c&egrave;s de l&rsquo;usufruiti&egrave;re met fin &agrave; son droit d&rsquo;usufruit, le contrat de bail serait tout de m&ecirc;me &eacute;teint.<\/p>\n<p style=\"text-align: justify;\">2.- Concernant la possibilit&eacute; des h&eacute;ritiers de louer ou de souscrire des contrats relatifs aux biens immobiliers qui font partie de l&rsquo;h&eacute;ritage, vous devez savoir que si ce que vous souhaitez c&rsquo;est h&eacute;riter, c&rsquo;est-&agrave;-dire si vous n&rsquo;allez pas renoncer &agrave; l&rsquo;h&eacute;ritage, vous pouvez souscrire en qualit&eacute; d&rsquo;h&eacute;ritiers des contrats de bail, m&ecirc;me si vous n&rsquo;avez pas formellement h&eacute;rit&eacute; des biens immobiliers et que vous n&rsquo;avez pas sign&eacute; l&rsquo;acceptation correspondante et l&rsquo;attribution de l&rsquo;h&eacute;ritage devant un notaire, ou dans votre cas, en document priv&eacute;.<\/p>\n<p style=\"text-align: justify;\">Dans le cas que vous nous soumettez, s&rsquo;il existe un contrat de bail, ce dernier, comme nous l&rsquo;avons dit, sera toujours en vigueur, mais si celui-ci terminait ou que vous parveniez &agrave; un accord avec la locataire pour sa r&eacute;siliation, vous pourriez en signer des nouveaux contrats avec d&rsquo;autres personnes, bien que j&rsquo;entends que vous devrez faire figurer dans ces derniers que vous les signez en qualit&eacute; d&rsquo;h&eacute;ritiers.<\/p>\n<p style=\"text-align: justify;\">Si vous avez besoin d&rsquo;aide pour un contrat de bail ou un h&eacute;ritage en Espagne, <strong><span style=\"text-decoration: underline;\">contactez-nous et nous vous aiderons.<\/span><\/strong><\/p>\n<p style=\"text-align: justify;\">&nbsp;<\/p>\n<p style=\"text-align: justify;\"><em>L&rsquo;information fournie dans cet article ne pr&eacute;tend pas &ecirc;tre un conseil l&eacute;gal, elle transmet simplement l&rsquo;information li&eacute;e aux sujets l&eacute;gaux.<\/em><\/p>\n<p style=\"text-align: justify;\"><em>&nbsp;<\/em><\/p>\n<p style=\"text-align: justify;\">Carlos Baos (Avocat)<\/p>\n<p style=\"text-align: justify;\">Cabinet d&rsquo;Avocats Espagnol.<\/p>\n<p style=\"text-align: justify;\">Alicante, Denia, Marina Alta Costa Blanca.<\/p>\n<p style=\"text-align: justify;\">2016<\/p>\n","protected":false},"excerpt":{"rendered":"<p>Question&nbsp;: Cher avocat, Ma m&egrave;re est d&eacute;c&eacute;d&eacute;e il y a quelques jours, et mes fr&egrave;res et moi sommes les h&eacute;ritiers d&rsquo;apr&egrave;s ce qui est indiqu&eacute; dans son testament espagnol, bien que nous n&rsquo;ayons pas encore sign&eacute; l&rsquo;h&eacute;ritage en Espagne. En principe, nous sommes tous d&rsquo;accord et ne pensons pas qu&rsquo;il y ait de probl&egrave;me entre [&#8230;]<\/p>\n<p><a class=\"btn btn-primary understrap-read-more-link\" href=\"https:\/\/www.white-baos.com\/fr\/le-deces-du-proprietaire-les-heritiers-et-le-contrat-de-location\/\">Lire la suite&#8230;<\/a><\/p>\n","protected":false},"author":2,"featured_media":962,"comment_status":"closed","ping_status":"open","sticky":false,"template":"","format":"standard","meta":{"_crdt_document":"","_jetpack_memberships_contains_paid_content":false,"footnotes":""},"categories":[487,505],"tags":[],"class_list":["post-7097","post","type-post","status-publish","format-standard","has-post-thumbnail","hentry","category-droit-immobilier-achat-ventes-locations-permis-de-construire-etc","category-locations"],"yoast_head":"<!-- This site is optimized with the Yoast SEO plugin v27.0 - https:\/\/yoast.com\/product\/yoast-seo-wordpress\/ -->\n<title>Location en Espagne. D\u00e9c\u00e8s du propri\u00e9taire. H\u00e9ritage et location.<\/title>\n<meta name=\"description\" content=\"Cabinet d\u2019Avocats. Droits de Succession et H\u00e9ritage. La location et le d\u00e9c\u00e8s du propri\u00e9taire.\" \/>\n<meta name=\"robots\" content=\"index, follow, max-snippet:-1, max-image-preview:large, max-video-preview:-1\" \/>\n<link rel=\"canonical\" href=\"https:\/\/www.white-baos.com\/fr\/le-deces-du-proprietaire-les-heritiers-et-le-contrat-de-location\/\" \/>\n<meta property=\"og:locale\" content=\"fr_FR\" \/>\n<meta property=\"og:type\" content=\"article\" \/>\n<meta property=\"og:title\" content=\"Location en Espagne. D\u00e9c\u00e8s du propri\u00e9taire. H\u00e9ritage et location.\" \/>\n<meta property=\"og:description\" content=\"Cabinet d\u2019Avocats. Droits de Succession et H\u00e9ritage. La location et le d\u00e9c\u00e8s du propri\u00e9taire.\" \/>\n<meta property=\"og:url\" content=\"https:\/\/www.white-baos.com\/fr\/le-deces-du-proprietaire-les-heritiers-et-le-contrat-de-location\/\" \/>\n<meta property=\"og:site_name\" content=\"White &amp; Baos, Abogados &amp; Solicitors\" \/>\n<meta property=\"article:published_time\" content=\"2016-03-30T09:55:56+00:00\" \/>\n<meta property=\"article:modified_time\" content=\"2020-09-10T07:25:36+00:00\" \/>\n<meta property=\"og:image\" content=\"https:\/\/www.white-baos.com\/wp-content\/uploads\/2020\/07\/the-landlords-death-spain.jpg\" \/>\n\t<meta property=\"og:image:width\" content=\"1200\" \/>\n\t<meta property=\"og:image:height\" content=\"628\" \/>\n\t<meta property=\"og:image:type\" content=\"image\/jpeg\" \/>\n<meta name=\"author\" content=\"Carlos Baos\" \/>\n<meta name=\"twitter:card\" content=\"summary_large_image\" \/>\n<meta name=\"twitter:label1\" content=\"\u00c9crit par\" \/>\n\t<meta name=\"twitter:data1\" content=\"Carlos Baos\" \/>\n\t<meta name=\"twitter:label2\" content=\"Dur\u00e9e de lecture estim\u00e9e\" \/>\n\t<meta name=\"twitter:data2\" content=\"4 minutes\" \/>\n<script type=\"application\/ld+json\" class=\"yoast-schema-graph\">{\"@context\":\"https:\/\/schema.org\",\"@graph\":[{\"@type\":\"Article\",\"@id\":\"https:\/\/www.white-baos.com\/fr\/le-deces-du-proprietaire-les-heritiers-et-le-contrat-de-location\/#article\",\"isPartOf\":{\"@id\":\"https:\/\/www.white-baos.com\/fr\/le-deces-du-proprietaire-les-heritiers-et-le-contrat-de-location\/\"},\"author\":{\"name\":\"Carlos Baos\",\"@id\":\"https:\/\/www.white-baos.com\/fr\/#\/schema\/person\/f25c24bff20eb2992c5efbed4dea4bc3\"},\"headline\":\"Le d\u00e9c\u00e8s du Propri\u00e9taire. Les h\u00e9ritiers et le contrat de location.\",\"datePublished\":\"2016-03-30T09:55:56+00:00\",\"dateModified\":\"2020-09-10T07:25:36+00:00\",\"mainEntityOfPage\":{\"@id\":\"https:\/\/www.white-baos.com\/fr\/le-deces-du-proprietaire-les-heritiers-et-le-contrat-de-location\/\"},\"wordCount\":737,\"publisher\":{\"@id\":\"https:\/\/www.white-baos.com\/fr\/#organization\"},\"image\":{\"@id\":\"https:\/\/www.white-baos.com\/fr\/le-deces-du-proprietaire-les-heritiers-et-le-contrat-de-location\/#primaryimage\"},\"thumbnailUrl\":\"https:\/\/www.white-baos.com\/wp-content\/uploads\/2020\/07\/the-landlords-death-spain.jpg\",\"articleSection\":[\"DROIT IMMOBILIER : achat-ventes, locations, permis de construire, etc.\",\"Locations\"],\"inLanguage\":\"fr-FR\"},{\"@type\":\"WebPage\",\"@id\":\"https:\/\/www.white-baos.com\/fr\/le-deces-du-proprietaire-les-heritiers-et-le-contrat-de-location\/\",\"url\":\"https:\/\/www.white-baos.com\/fr\/le-deces-du-proprietaire-les-heritiers-et-le-contrat-de-location\/\",\"name\":\"Location en Espagne. D\u00e9c\u00e8s du propri\u00e9taire. H\u00e9ritage et location.\",\"isPartOf\":{\"@id\":\"https:\/\/www.white-baos.com\/fr\/#website\"},\"primaryImageOfPage\":{\"@id\":\"https:\/\/www.white-baos.com\/fr\/le-deces-du-proprietaire-les-heritiers-et-le-contrat-de-location\/#primaryimage\"},\"image\":{\"@id\":\"https:\/\/www.white-baos.com\/fr\/le-deces-du-proprietaire-les-heritiers-et-le-contrat-de-location\/#primaryimage\"},\"thumbnailUrl\":\"https:\/\/www.white-baos.com\/wp-content\/uploads\/2020\/07\/the-landlords-death-spain.jpg\",\"datePublished\":\"2016-03-30T09:55:56+00:00\",\"dateModified\":\"2020-09-10T07:25:36+00:00\",\"description\":\"Cabinet d\u2019Avocats. Droits de Succession et H\u00e9ritage. La location et le d\u00e9c\u00e8s du propri\u00e9taire.\",\"breadcrumb\":{\"@id\":\"https:\/\/www.white-baos.com\/fr\/le-deces-du-proprietaire-les-heritiers-et-le-contrat-de-location\/#breadcrumb\"},\"inLanguage\":\"fr-FR\",\"potentialAction\":[{\"@type\":\"ReadAction\",\"target\":[\"https:\/\/www.white-baos.com\/fr\/le-deces-du-proprietaire-les-heritiers-et-le-contrat-de-location\/\"]}]},{\"@type\":\"ImageObject\",\"inLanguage\":\"fr-FR\",\"@id\":\"https:\/\/www.white-baos.com\/fr\/le-deces-du-proprietaire-les-heritiers-et-le-contrat-de-location\/#primaryimage\",\"url\":\"https:\/\/www.white-baos.com\/wp-content\/uploads\/2020\/07\/the-landlords-death-spain.jpg\",\"contentUrl\":\"https:\/\/www.white-baos.com\/wp-content\/uploads\/2020\/07\/the-landlords-death-spain.jpg\",\"width\":1200,\"height\":628},{\"@type\":\"BreadcrumbList\",\"@id\":\"https:\/\/www.white-baos.com\/fr\/le-deces-du-proprietaire-les-heritiers-et-le-contrat-de-location\/#breadcrumb\",\"itemListElement\":[{\"@type\":\"ListItem\",\"position\":1,\"name\":\"Portada\",\"item\":\"https:\/\/www.white-baos.com\/fr\/\"},{\"@type\":\"ListItem\",\"position\":2,\"name\":\"Le d\u00e9c\u00e8s du Propri\u00e9taire. Les h\u00e9ritiers et le contrat de location.\"}]},{\"@type\":\"WebSite\",\"@id\":\"https:\/\/www.white-baos.com\/fr\/#website\",\"url\":\"https:\/\/www.white-baos.com\/fr\/\",\"name\":\"White &amp; Baos, Abogados &amp; Solicitors\",\"description\":\"Anglo Spanish law firm established by both Spanish and UK lawyers based in Denia Alicante Spain\",\"publisher\":{\"@id\":\"https:\/\/www.white-baos.com\/fr\/#organization\"},\"potentialAction\":[{\"@type\":\"SearchAction\",\"target\":{\"@type\":\"EntryPoint\",\"urlTemplate\":\"https:\/\/www.white-baos.com\/fr\/?s={search_term_string}\"},\"query-input\":{\"@type\":\"PropertyValueSpecification\",\"valueRequired\":true,\"valueName\":\"search_term_string\"}}],\"inLanguage\":\"fr-FR\"},{\"@type\":\"Organization\",\"@id\":\"https:\/\/www.white-baos.com\/fr\/#organization\",\"name\":\"White &amp; Baos, Abogados &amp; Solicitors\",\"url\":\"https:\/\/www.white-baos.com\/fr\/\",\"logo\":{\"@type\":\"ImageObject\",\"inLanguage\":\"fr-FR\",\"@id\":\"https:\/\/www.white-baos.com\/fr\/#\/schema\/logo\/image\/\",\"url\":\"https:\/\/www.white-baos.com\/wp-content\/uploads\/2022\/09\/logo-wb-legalboutique-rojo.svg\",\"contentUrl\":\"https:\/\/www.white-baos.com\/wp-content\/uploads\/2022\/09\/logo-wb-legalboutique-rojo.svg\",\"width\":100,\"height\":100,\"caption\":\"White &amp; Baos, Abogados &amp; Solicitors\"},\"image\":{\"@id\":\"https:\/\/www.white-baos.com\/fr\/#\/schema\/logo\/image\/\"}},{\"@type\":\"Person\",\"@id\":\"https:\/\/www.white-baos.com\/fr\/#\/schema\/person\/f25c24bff20eb2992c5efbed4dea4bc3\",\"name\":\"Carlos Baos\"}]}<\/script>\n<!-- \/ Yoast SEO plugin. -->","yoast_head_json":{"title":"Location en Espagne. D\u00e9c\u00e8s du propri\u00e9taire. H\u00e9ritage et location.","description":"Cabinet d\u2019Avocats. Droits de Succession et H\u00e9ritage. La location et le d\u00e9c\u00e8s du propri\u00e9taire.","robots":{"index":"index","follow":"follow","max-snippet":"max-snippet:-1","max-image-preview":"max-image-preview:large","max-video-preview":"max-video-preview:-1"},"canonical":"https:\/\/www.white-baos.com\/fr\/le-deces-du-proprietaire-les-heritiers-et-le-contrat-de-location\/","og_locale":"fr_FR","og_type":"article","og_title":"Location en Espagne. D\u00e9c\u00e8s du propri\u00e9taire. H\u00e9ritage et location.","og_description":"Cabinet d\u2019Avocats. Droits de Succession et H\u00e9ritage. La location et le d\u00e9c\u00e8s du propri\u00e9taire.","og_url":"https:\/\/www.white-baos.com\/fr\/le-deces-du-proprietaire-les-heritiers-et-le-contrat-de-location\/","og_site_name":"White &amp; Baos, Abogados &amp; Solicitors","article_published_time":"2016-03-30T09:55:56+00:00","article_modified_time":"2020-09-10T07:25:36+00:00","og_image":[{"width":1200,"height":628,"url":"https:\/\/www.white-baos.com\/wp-content\/uploads\/2020\/07\/the-landlords-death-spain.jpg","type":"image\/jpeg"}],"author":"Carlos Baos","twitter_card":"summary_large_image","twitter_misc":{"\u00c9crit par":"Carlos Baos","Dur\u00e9e de lecture estim\u00e9e":"4 minutes"},"schema":{"@context":"https:\/\/schema.org","@graph":[{"@type":"Article","@id":"https:\/\/www.white-baos.com\/fr\/le-deces-du-proprietaire-les-heritiers-et-le-contrat-de-location\/#article","isPartOf":{"@id":"https:\/\/www.white-baos.com\/fr\/le-deces-du-proprietaire-les-heritiers-et-le-contrat-de-location\/"},"author":{"name":"Carlos Baos","@id":"https:\/\/www.white-baos.com\/fr\/#\/schema\/person\/f25c24bff20eb2992c5efbed4dea4bc3"},"headline":"Le d\u00e9c\u00e8s du Propri\u00e9taire. Les h\u00e9ritiers et le contrat de location.","datePublished":"2016-03-30T09:55:56+00:00","dateModified":"2020-09-10T07:25:36+00:00","mainEntityOfPage":{"@id":"https:\/\/www.white-baos.com\/fr\/le-deces-du-proprietaire-les-heritiers-et-le-contrat-de-location\/"},"wordCount":737,"publisher":{"@id":"https:\/\/www.white-baos.com\/fr\/#organization"},"image":{"@id":"https:\/\/www.white-baos.com\/fr\/le-deces-du-proprietaire-les-heritiers-et-le-contrat-de-location\/#primaryimage"},"thumbnailUrl":"https:\/\/www.white-baos.com\/wp-content\/uploads\/2020\/07\/the-landlords-death-spain.jpg","articleSection":["DROIT IMMOBILIER : achat-ventes, locations, permis de construire, etc.","Locations"],"inLanguage":"fr-FR"},{"@type":"WebPage","@id":"https:\/\/www.white-baos.com\/fr\/le-deces-du-proprietaire-les-heritiers-et-le-contrat-de-location\/","url":"https:\/\/www.white-baos.com\/fr\/le-deces-du-proprietaire-les-heritiers-et-le-contrat-de-location\/","name":"Location en Espagne. D\u00e9c\u00e8s du propri\u00e9taire. H\u00e9ritage et location.","isPartOf":{"@id":"https:\/\/www.white-baos.com\/fr\/#website"},"primaryImageOfPage":{"@id":"https:\/\/www.white-baos.com\/fr\/le-deces-du-proprietaire-les-heritiers-et-le-contrat-de-location\/#primaryimage"},"image":{"@id":"https:\/\/www.white-baos.com\/fr\/le-deces-du-proprietaire-les-heritiers-et-le-contrat-de-location\/#primaryimage"},"thumbnailUrl":"https:\/\/www.white-baos.com\/wp-content\/uploads\/2020\/07\/the-landlords-death-spain.jpg","datePublished":"2016-03-30T09:55:56+00:00","dateModified":"2020-09-10T07:25:36+00:00","description":"Cabinet d\u2019Avocats. Droits de Succession et H\u00e9ritage. La location et le d\u00e9c\u00e8s du propri\u00e9taire.","breadcrumb":{"@id":"https:\/\/www.white-baos.com\/fr\/le-deces-du-proprietaire-les-heritiers-et-le-contrat-de-location\/#breadcrumb"},"inLanguage":"fr-FR","potentialAction":[{"@type":"ReadAction","target":["https:\/\/www.white-baos.com\/fr\/le-deces-du-proprietaire-les-heritiers-et-le-contrat-de-location\/"]}]},{"@type":"ImageObject","inLanguage":"fr-FR","@id":"https:\/\/www.white-baos.com\/fr\/le-deces-du-proprietaire-les-heritiers-et-le-contrat-de-location\/#primaryimage","url":"https:\/\/www.white-baos.com\/wp-content\/uploads\/2020\/07\/the-landlords-death-spain.jpg","contentUrl":"https:\/\/www.white-baos.com\/wp-content\/uploads\/2020\/07\/the-landlords-death-spain.jpg","width":1200,"height":628},{"@type":"BreadcrumbList","@id":"https:\/\/www.white-baos.com\/fr\/le-deces-du-proprietaire-les-heritiers-et-le-contrat-de-location\/#breadcrumb","itemListElement":[{"@type":"ListItem","position":1,"name":"Portada","item":"https:\/\/www.white-baos.com\/fr\/"},{"@type":"ListItem","position":2,"name":"Le d\u00e9c\u00e8s du Propri\u00e9taire. Les h\u00e9ritiers et le contrat de location."}]},{"@type":"WebSite","@id":"https:\/\/www.white-baos.com\/fr\/#website","url":"https:\/\/www.white-baos.com\/fr\/","name":"White &amp; Baos, Abogados &amp; Solicitors","description":"Anglo Spanish law firm established by both Spanish and UK lawyers based in Denia Alicante Spain","publisher":{"@id":"https:\/\/www.white-baos.com\/fr\/#organization"},"potentialAction":[{"@type":"SearchAction","target":{"@type":"EntryPoint","urlTemplate":"https:\/\/www.white-baos.com\/fr\/?s={search_term_string}"},"query-input":{"@type":"PropertyValueSpecification","valueRequired":true,"valueName":"search_term_string"}}],"inLanguage":"fr-FR"},{"@type":"Organization","@id":"https:\/\/www.white-baos.com\/fr\/#organization","name":"White &amp; Baos, Abogados &amp; Solicitors","url":"https:\/\/www.white-baos.com\/fr\/","logo":{"@type":"ImageObject","inLanguage":"fr-FR","@id":"https:\/\/www.white-baos.com\/fr\/#\/schema\/logo\/image\/","url":"https:\/\/www.white-baos.com\/wp-content\/uploads\/2022\/09\/logo-wb-legalboutique-rojo.svg","contentUrl":"https:\/\/www.white-baos.com\/wp-content\/uploads\/2022\/09\/logo-wb-legalboutique-rojo.svg","width":100,"height":100,"caption":"White &amp; Baos, Abogados &amp; Solicitors"},"image":{"@id":"https:\/\/www.white-baos.com\/fr\/#\/schema\/logo\/image\/"}},{"@type":"Person","@id":"https:\/\/www.white-baos.com\/fr\/#\/schema\/person\/f25c24bff20eb2992c5efbed4dea4bc3","name":"Carlos Baos"}]}},"jetpack_featured_media_url":"https:\/\/www.white-baos.com\/wp-content\/uploads\/2020\/07\/the-landlords-death-spain.jpg","jetpack_sharing_enabled":true,"jetpack_likes_enabled":true,"_links":{"self":[{"href":"https:\/\/www.white-baos.com\/fr\/wp-json\/wp\/v2\/posts\/7097","targetHints":{"allow":["GET"]}}],"collection":[{"href":"https:\/\/www.white-baos.com\/fr\/wp-json\/wp\/v2\/posts"}],"about":[{"href":"https:\/\/www.white-baos.com\/fr\/wp-json\/wp\/v2\/types\/post"}],"author":[{"embeddable":true,"href":"https:\/\/www.white-baos.com\/fr\/wp-json\/wp\/v2\/users\/2"}],"replies":[{"embeddable":true,"href":"https:\/\/www.white-baos.com\/fr\/wp-json\/wp\/v2\/comments?post=7097"}],"version-history":[{"count":1,"href":"https:\/\/www.white-baos.com\/fr\/wp-json\/wp\/v2\/posts\/7097\/revisions"}],"predecessor-version":[{"id":8703,"href":"https:\/\/www.white-baos.com\/fr\/wp-json\/wp\/v2\/posts\/7097\/revisions\/8703"}],"wp:featuredmedia":[{"embeddable":true,"href":"https:\/\/www.white-baos.com\/fr\/wp-json\/wp\/v2\/media\/962"}],"wp:attachment":[{"href":"https:\/\/www.white-baos.com\/fr\/wp-json\/wp\/v2\/media?parent=7097"}],"wp:term":[{"taxonomy":"category","embeddable":true,"href":"https:\/\/www.white-baos.com\/fr\/wp-json\/wp\/v2\/categories?post=7097"},{"taxonomy":"post_tag","embeddable":true,"href":"https:\/\/www.white-baos.com\/fr\/wp-json\/wp\/v2\/tags?post=7097"}],"curies":[{"name":"wp","href":"https:\/\/api.w.org\/{rel}","templated":true}]}}