{"id":9658,"date":"2020-10-18T19:43:02","date_gmt":"2020-10-18T17:43:02","guid":{"rendered":"https:\/\/www.white-baos.com\/?p=9658"},"modified":"2022-06-28T13:12:49","modified_gmt":"2022-06-28T11:12:49","slug":"las-reparaciones-durante-el-contrato-de-alquiler-quien-debe-pagarlas","status":"publish","type":"post","link":"https:\/\/www.white-baos.com\/es\/las-reparaciones-durante-el-contrato-de-alquiler-quien-debe-pagarlas\/","title":{"rendered":"Las reparaciones durante el contrato de alquiler, \u00bf qui\u00e9n debe pagarlas?."},"content":{"rendered":"\n<p class=\"wp-block-paragraph\">En los contratos de arrendamiento, uno de los problemas y fuente de conflicto m\u00e1s habitual es determinar qui\u00e9n debe reparar lo que se rompe durante el tiempo que dura el alquiler. Es decir, las reparaciones en el contrato de alquiler.<\/p>\n\n\n\n<p class=\"wp-block-paragraph\"><\/p>\n\n\n\n<h2 class=\"wp-block-heading\">Que dice la ley relativa al alquiler<\/h2>\n\n\n\n<p class=\"wp-block-paragraph\"><\/p>\n\n\n\n<p class=\"wp-block-paragraph\">La ley que regula los arrendamiento urbanos en Espa\u00f1a, es la&nbsp;<strong>Ley de Arrendamientos Urbanos, Ley 29\/1994, de 24 de noviembre.<\/strong>&nbsp;Esta ley y en relaci\u00f3n con las obligaciones de reparaci\u00f3n y conservaci\u00f3n referidas a las viviendas, se\u00f1ala en su&nbsp;art\u00edculo 21,&nbsp;que tiene por t\u00edtulo:&nbsp;<strong><em>Conservaci\u00f3n de la vivienda,&nbsp;<\/em><\/strong>que:<\/p>\n\n\n\n<p class=\"wp-block-paragraph\">.- El arrendador ( casero, propietarios) est\u00e1 obligado a realizar, todas las reparaciones que sean necesarias para conservar la vivienda en las condiciones de habitabilidad para servir al uso convenido. Salvo cuando el deterioro de cuya reparaci\u00f3n se trate sea imputable al arrendatario.<\/p>\n\n\n\n<p class=\"wp-block-paragraph\">Si la obra que se debe realizar no puede esperar hasta que termine el contrato, y se tiene que hacer durante el arrendamiento; el arrendatario ( inquilino) estar\u00e1 obligado a soportarla, aunque le sea muy molesta o aunque no pueda utilizar parte de la vivienda. Dice este art\u00edculo, que si la obra durase m\u00e1s de veinte d\u00edas, habr\u00e1 de disminuirse la renta en proporci\u00f3n a la parte de la vivienda que el arrendatario no pueda utilizar.<\/p>\n\n\n\n<p class=\"wp-block-paragraph\">.- Igualmente, este art\u00edculo se\u00f1ala que<strong>&nbsp;\u201c<em>Las peque\u00f1as reparaciones que exija el desgaste por el uso ordinario de la vivienda ser\u00e1n de cargo&nbsp;del arrendatario\u201d<\/em>.<\/strong><\/p>\n\n\n\n<p class=\"wp-block-paragraph\">Esta \u00faltima parte del art\u00edculo, referida a \u201clas peque\u00f1as reparaciones\u201d&nbsp;que deben ser pagadas por el inquilino, son fuente de muchos problemas entre propietarios y alquilados, pues es dif\u00edcil determinar de forma clara qu\u00e9 se debe entender por&nbsp;<em>peque\u00f1as reparaciones consecuencia del desgaste por el uso ordinario<\/em>, as\u00ed, destacamos, un art\u00edculo de la revista jur\u00eddica SEPIN, donde se se\u00f1alan algunas sentencias de los tribunales espa\u00f1oles recientes, y qu\u00e9 han entendido como peque\u00f1a reparaci\u00f3n consecuencia del uso ordinario que debe ser pagado por los arrendatarios:<\/p>\n\n\n\n<p class=\"wp-block-paragraph\">.<\/p>\n\n\n\n<h2 class=\"wp-block-heading\">La jurisprudencia.<\/h2>\n\n\n\n<p class=\"wp-block-paragraph\">&#8211; La Audiencia Provincial de M\u00e1laga en su sentencia de 6-10-2011. Se\u00f1ala que se trata de una peque\u00f1a reparaci\u00f3n el arreglo de la m\u00e1quina de caf\u00e9 instalada en el local, y el inquilino debe por tanto pagar por ella.<\/p>\n\n\n\n<p class=\"wp-block-paragraph\">.-La Audiencia Provincial de Madrid. Indica que las humedades causadas por el mal sellado de la ba\u00f1era no son responsabilidad del arrendador, y es el arrendatario quien debe repararlas y pagar por dicha obra, al considerarse peque\u00f1as reparaciones derivadas del desgaste normal. Seg\u00fan su sentencia de 29-6-2009.<\/p>\n\n\n\n<p class=\"wp-block-paragraph\">.- La Audiencia Provincial de Valencia, entendi\u00f3 que es responsabilidad del arrendatario la reparaci\u00f3n del termo por obedecer a desgaste propio del uso y constituir peque\u00f1a reparaci\u00f3n, en su sentencia de 15-2-2003<\/p>\n\n\n\n<p class=\"wp-block-paragraph\"><\/p>\n\n\n\n<h2 class=\"wp-block-heading\">Conclusi\u00f3n.<\/h2>\n\n\n\n<p class=\"wp-block-paragraph\">De cualquier modo, puede ser muy interesante, si usted va a firmar un contrato de alquiler, redactar un buen contrato,. Y quiz\u00e1s acordar expresamente que deber\u00e1 ser reparado por cada una de las partes. Pues, estas reparaciones pueden ser importantes, muy costosas, y provocar conflicto entre las partes del contrato.<\/p>\n\n\n\n<p class=\"wp-block-paragraph\">Si usted necesita asesoramiento legal o judicial sobre un arrendamiento, ya sea de vivienda, de local de negocio, etc.,<a href=\"https:\/\/www.white-baos.com\/es\/contacto\/\" target=\"_blank\" rel=\"noreferrer noopener\">&nbsp;<strong>cont\u00e1ctenos.<\/strong><\/a><\/p>\n\n\n\n<p class=\"wp-block-paragraph\">La informaci\u00f3n proporcionada en este art\u00edculo no pretende ser asesoramiento legal, sino que simplemente transmite la informaci\u00f3n relacionada con cuestiones legales.<\/p>\n\n\n\n<p class=\"wp-block-paragraph\">Carlos Baos (Abogado)<\/p>\n\n\n\n<p class=\"wp-block-paragraph\">Despacho de Abogados Espa\u00f1ol.<\/p>\n\n\n\n<p class=\"wp-block-paragraph\">Alicante, Denia, Marina Alta Costa Blanca.<\/p>\n\n\n\n<p class=\"wp-block-paragraph\">2015<\/p>\n","protected":false},"excerpt":{"rendered":"<p>contrato alquiler Espa\u00f1a reparaci\u00f3n factura reclamaci\u00f3n legal [&#8230;]<\/p>\n<p><a class=\"btn btn-primary understrap-read-more-link\" href=\"https:\/\/www.white-baos.com\/es\/las-reparaciones-durante-el-contrato-de-alquiler-quien-debe-pagarlas\/\">Leer m\u00e1s&#8230;<\/a><\/p>\n","protected":false},"author":2,"featured_media":9659,"comment_status":"open","ping_status":"open","sticky":false,"template":"","format":"standard","meta":{"_crdt_document":"","_jetpack_memberships_contains_paid_content":false,"footnotes":""},"categories":[392,374],"tags":[633],"class_list":["post-9658","post","type-post","status-publish","format-standard","has-post-thumbnail","hentry","category-arrendamientos","category-derecho-inmobiliario-compraventas-arrendamientos-licencias-de-obra-etc","tag-contrato-alquiler-espana-reparacion-factura-reclamacion-legal"],"yoast_head":"<!-- This site is optimized with the Yoast SEO plugin v27.0 - https:\/\/yoast.com\/product\/yoast-seo-wordpress\/ -->\n<title>Las reparaciones en el contrato de alquiler \u00bf qui\u00e9n debe pagarlas?.<\/title>\n<meta name=\"description\" content=\"Reparaciones en el contrato de alquiler. Despacho Abogados. Derecho Inmobiliario. Arrendamiento de viviendas y locales urbanos en Espa\u00f1a\" \/>\n<meta name=\"robots\" content=\"index, follow, max-snippet:-1, max-image-preview:large, max-video-preview:-1\" \/>\n<link rel=\"canonical\" href=\"https:\/\/www.white-baos.com\/es\/las-reparaciones-durante-el-contrato-de-alquiler-quien-debe-pagarlas\/\" \/>\n<meta property=\"og:locale\" content=\"es_ES\" \/>\n<meta property=\"og:type\" content=\"article\" \/>\n<meta property=\"og:title\" content=\"Las reparaciones en el contrato de alquiler \u00bf qui\u00e9n debe pagarlas?.\" \/>\n<meta property=\"og:description\" content=\"Reparaciones en el contrato de alquiler. Despacho Abogados. Derecho Inmobiliario. Arrendamiento de viviendas y locales urbanos en Espa\u00f1a\" \/>\n<meta property=\"og:url\" content=\"https:\/\/www.white-baos.com\/es\/las-reparaciones-durante-el-contrato-de-alquiler-quien-debe-pagarlas\/\" \/>\n<meta property=\"og:site_name\" content=\"White &amp; Baos, Abogados &amp; Solicitors\" \/>\n<meta property=\"article:published_time\" content=\"2020-10-18T17:43:02+00:00\" \/>\n<meta property=\"article:modified_time\" content=\"2022-06-28T11:12:49+00:00\" \/>\n<meta property=\"og:image\" content=\"https:\/\/www.white-baos.com\/wp-content\/uploads\/2020\/10\/Spanish-rental-lease-agreement-dispute.png\" \/>\n\t<meta property=\"og:image:width\" content=\"1200\" \/>\n\t<meta property=\"og:image:height\" content=\"628\" \/>\n\t<meta property=\"og:image:type\" content=\"image\/png\" \/>\n<meta name=\"author\" content=\"Carlos Baos\" \/>\n<meta name=\"twitter:card\" content=\"summary_large_image\" \/>\n<meta name=\"twitter:label1\" content=\"Escrito por\" \/>\n\t<meta name=\"twitter:data1\" content=\"Carlos Baos\" \/>\n\t<meta name=\"twitter:label2\" content=\"Tiempo de lectura\" \/>\n\t<meta name=\"twitter:data2\" content=\"3 minutos\" \/>\n<script type=\"application\/ld+json\" class=\"yoast-schema-graph\">{\"@context\":\"https:\/\/schema.org\",\"@graph\":[{\"@type\":\"Article\",\"@id\":\"https:\/\/www.white-baos.com\/es\/las-reparaciones-durante-el-contrato-de-alquiler-quien-debe-pagarlas\/#article\",\"isPartOf\":{\"@id\":\"https:\/\/www.white-baos.com\/es\/las-reparaciones-durante-el-contrato-de-alquiler-quien-debe-pagarlas\/\"},\"author\":{\"name\":\"Carlos Baos\",\"@id\":\"https:\/\/www.white-baos.com\/es\/#\/schema\/person\/f25c24bff20eb2992c5efbed4dea4bc3\"},\"headline\":\"Las reparaciones durante el contrato de alquiler, \u00bf qui\u00e9n debe pagarlas?.\",\"datePublished\":\"2020-10-18T17:43:02+00:00\",\"dateModified\":\"2022-06-28T11:12:49+00:00\",\"mainEntityOfPage\":{\"@id\":\"https:\/\/www.white-baos.com\/es\/las-reparaciones-durante-el-contrato-de-alquiler-quien-debe-pagarlas\/\"},\"wordCount\":618,\"commentCount\":0,\"publisher\":{\"@id\":\"https:\/\/www.white-baos.com\/es\/#organization\"},\"image\":{\"@id\":\"https:\/\/www.white-baos.com\/es\/las-reparaciones-durante-el-contrato-de-alquiler-quien-debe-pagarlas\/#primaryimage\"},\"thumbnailUrl\":\"https:\/\/www.white-baos.com\/wp-content\/uploads\/2020\/10\/Spanish-rental-lease-agreement-dispute.png\",\"keywords\":[\"contrato alquiler Espa\u00f1a reparaci\u00f3n factura reclamaci\u00f3n legal\"],\"articleSection\":[\"Arrendamientos\",\"DERECHO INMOBILIARIO: compraventas, arrendamientos, licencias de obra, etc.\"],\"inLanguage\":\"es\",\"potentialAction\":[{\"@type\":\"CommentAction\",\"name\":\"Comment\",\"target\":[\"https:\/\/www.white-baos.com\/es\/las-reparaciones-durante-el-contrato-de-alquiler-quien-debe-pagarlas\/#respond\"]}]},{\"@type\":\"WebPage\",\"@id\":\"https:\/\/www.white-baos.com\/es\/las-reparaciones-durante-el-contrato-de-alquiler-quien-debe-pagarlas\/\",\"url\":\"https:\/\/www.white-baos.com\/es\/las-reparaciones-durante-el-contrato-de-alquiler-quien-debe-pagarlas\/\",\"name\":\"Las reparaciones en el contrato de alquiler \u00bf qui\u00e9n debe pagarlas?.\",\"isPartOf\":{\"@id\":\"https:\/\/www.white-baos.com\/es\/#website\"},\"primaryImageOfPage\":{\"@id\":\"https:\/\/www.white-baos.com\/es\/las-reparaciones-durante-el-contrato-de-alquiler-quien-debe-pagarlas\/#primaryimage\"},\"image\":{\"@id\":\"https:\/\/www.white-baos.com\/es\/las-reparaciones-durante-el-contrato-de-alquiler-quien-debe-pagarlas\/#primaryimage\"},\"thumbnailUrl\":\"https:\/\/www.white-baos.com\/wp-content\/uploads\/2020\/10\/Spanish-rental-lease-agreement-dispute.png\",\"datePublished\":\"2020-10-18T17:43:02+00:00\",\"dateModified\":\"2022-06-28T11:12:49+00:00\",\"description\":\"Reparaciones en el contrato de alquiler. Despacho Abogados. Derecho Inmobiliario. Arrendamiento de viviendas y locales urbanos en Espa\u00f1a\",\"breadcrumb\":{\"@id\":\"https:\/\/www.white-baos.com\/es\/las-reparaciones-durante-el-contrato-de-alquiler-quien-debe-pagarlas\/#breadcrumb\"},\"inLanguage\":\"es\",\"potentialAction\":[{\"@type\":\"ReadAction\",\"target\":[\"https:\/\/www.white-baos.com\/es\/las-reparaciones-durante-el-contrato-de-alquiler-quien-debe-pagarlas\/\"]}]},{\"@type\":\"ImageObject\",\"inLanguage\":\"es\",\"@id\":\"https:\/\/www.white-baos.com\/es\/las-reparaciones-durante-el-contrato-de-alquiler-quien-debe-pagarlas\/#primaryimage\",\"url\":\"https:\/\/www.white-baos.com\/wp-content\/uploads\/2020\/10\/Spanish-rental-lease-agreement-dispute.png\",\"contentUrl\":\"https:\/\/www.white-baos.com\/wp-content\/uploads\/2020\/10\/Spanish-rental-lease-agreement-dispute.png\",\"width\":1200,\"height\":628,\"caption\":\"contrato alquiler Espa\u00f1a reparaci\u00f3n factura reclamaci\u00f3n legal\"},{\"@type\":\"BreadcrumbList\",\"@id\":\"https:\/\/www.white-baos.com\/es\/las-reparaciones-durante-el-contrato-de-alquiler-quien-debe-pagarlas\/#breadcrumb\",\"itemListElement\":[{\"@type\":\"ListItem\",\"position\":1,\"name\":\"Portada\",\"item\":\"https:\/\/www.white-baos.com\/es\/\"},{\"@type\":\"ListItem\",\"position\":2,\"name\":\"Las reparaciones durante el contrato de alquiler, \u00bf qui\u00e9n debe pagarlas?.\"}]},{\"@type\":\"WebSite\",\"@id\":\"https:\/\/www.white-baos.com\/es\/#website\",\"url\":\"https:\/\/www.white-baos.com\/es\/\",\"name\":\"White &amp; Baos, Abogados &amp; Solicitors\",\"description\":\"Anglo Spanish law firm established by both Spanish and UK lawyers based in Denia Alicante Spain\",\"publisher\":{\"@id\":\"https:\/\/www.white-baos.com\/es\/#organization\"},\"potentialAction\":[{\"@type\":\"SearchAction\",\"target\":{\"@type\":\"EntryPoint\",\"urlTemplate\":\"https:\/\/www.white-baos.com\/es\/?s={search_term_string}\"},\"query-input\":{\"@type\":\"PropertyValueSpecification\",\"valueRequired\":true,\"valueName\":\"search_term_string\"}}],\"inLanguage\":\"es\"},{\"@type\":\"Organization\",\"@id\":\"https:\/\/www.white-baos.com\/es\/#organization\",\"name\":\"White &amp; Baos, Abogados &amp; Solicitors\",\"url\":\"https:\/\/www.white-baos.com\/es\/\",\"logo\":{\"@type\":\"ImageObject\",\"inLanguage\":\"es\",\"@id\":\"https:\/\/www.white-baos.com\/es\/#\/schema\/logo\/image\/\",\"url\":\"https:\/\/www.white-baos.com\/wp-content\/uploads\/2022\/09\/logo-wb-legalboutique-rojo.svg\",\"contentUrl\":\"https:\/\/www.white-baos.com\/wp-content\/uploads\/2022\/09\/logo-wb-legalboutique-rojo.svg\",\"width\":100,\"height\":100,\"caption\":\"White &amp; Baos, Abogados &amp; Solicitors\"},\"image\":{\"@id\":\"https:\/\/www.white-baos.com\/es\/#\/schema\/logo\/image\/\"}},{\"@type\":\"Person\",\"@id\":\"https:\/\/www.white-baos.com\/es\/#\/schema\/person\/f25c24bff20eb2992c5efbed4dea4bc3\",\"name\":\"Carlos Baos\"}]}<\/script>\n<!-- \/ Yoast SEO plugin. -->","yoast_head_json":{"title":"Las reparaciones en el contrato de alquiler \u00bf qui\u00e9n debe pagarlas?.","description":"Reparaciones en el contrato de alquiler. Despacho Abogados. Derecho Inmobiliario. Arrendamiento de viviendas y locales urbanos en Espa\u00f1a","robots":{"index":"index","follow":"follow","max-snippet":"max-snippet:-1","max-image-preview":"max-image-preview:large","max-video-preview":"max-video-preview:-1"},"canonical":"https:\/\/www.white-baos.com\/es\/las-reparaciones-durante-el-contrato-de-alquiler-quien-debe-pagarlas\/","og_locale":"es_ES","og_type":"article","og_title":"Las reparaciones en el contrato de alquiler \u00bf qui\u00e9n debe pagarlas?.","og_description":"Reparaciones en el contrato de alquiler. Despacho Abogados. Derecho Inmobiliario. Arrendamiento de viviendas y locales urbanos en Espa\u00f1a","og_url":"https:\/\/www.white-baos.com\/es\/las-reparaciones-durante-el-contrato-de-alquiler-quien-debe-pagarlas\/","og_site_name":"White &amp; Baos, Abogados &amp; Solicitors","article_published_time":"2020-10-18T17:43:02+00:00","article_modified_time":"2022-06-28T11:12:49+00:00","og_image":[{"width":1200,"height":628,"url":"https:\/\/www.white-baos.com\/wp-content\/uploads\/2020\/10\/Spanish-rental-lease-agreement-dispute.png","type":"image\/png"}],"author":"Carlos Baos","twitter_card":"summary_large_image","twitter_misc":{"Escrito por":"Carlos Baos","Tiempo de lectura":"3 minutos"},"schema":{"@context":"https:\/\/schema.org","@graph":[{"@type":"Article","@id":"https:\/\/www.white-baos.com\/es\/las-reparaciones-durante-el-contrato-de-alquiler-quien-debe-pagarlas\/#article","isPartOf":{"@id":"https:\/\/www.white-baos.com\/es\/las-reparaciones-durante-el-contrato-de-alquiler-quien-debe-pagarlas\/"},"author":{"name":"Carlos Baos","@id":"https:\/\/www.white-baos.com\/es\/#\/schema\/person\/f25c24bff20eb2992c5efbed4dea4bc3"},"headline":"Las reparaciones durante el contrato de alquiler, \u00bf qui\u00e9n debe pagarlas?.","datePublished":"2020-10-18T17:43:02+00:00","dateModified":"2022-06-28T11:12:49+00:00","mainEntityOfPage":{"@id":"https:\/\/www.white-baos.com\/es\/las-reparaciones-durante-el-contrato-de-alquiler-quien-debe-pagarlas\/"},"wordCount":618,"commentCount":0,"publisher":{"@id":"https:\/\/www.white-baos.com\/es\/#organization"},"image":{"@id":"https:\/\/www.white-baos.com\/es\/las-reparaciones-durante-el-contrato-de-alquiler-quien-debe-pagarlas\/#primaryimage"},"thumbnailUrl":"https:\/\/www.white-baos.com\/wp-content\/uploads\/2020\/10\/Spanish-rental-lease-agreement-dispute.png","keywords":["contrato alquiler Espa\u00f1a reparaci\u00f3n factura reclamaci\u00f3n legal"],"articleSection":["Arrendamientos","DERECHO INMOBILIARIO: compraventas, arrendamientos, licencias de obra, etc."],"inLanguage":"es","potentialAction":[{"@type":"CommentAction","name":"Comment","target":["https:\/\/www.white-baos.com\/es\/las-reparaciones-durante-el-contrato-de-alquiler-quien-debe-pagarlas\/#respond"]}]},{"@type":"WebPage","@id":"https:\/\/www.white-baos.com\/es\/las-reparaciones-durante-el-contrato-de-alquiler-quien-debe-pagarlas\/","url":"https:\/\/www.white-baos.com\/es\/las-reparaciones-durante-el-contrato-de-alquiler-quien-debe-pagarlas\/","name":"Las reparaciones en el contrato de alquiler \u00bf qui\u00e9n debe pagarlas?.","isPartOf":{"@id":"https:\/\/www.white-baos.com\/es\/#website"},"primaryImageOfPage":{"@id":"https:\/\/www.white-baos.com\/es\/las-reparaciones-durante-el-contrato-de-alquiler-quien-debe-pagarlas\/#primaryimage"},"image":{"@id":"https:\/\/www.white-baos.com\/es\/las-reparaciones-durante-el-contrato-de-alquiler-quien-debe-pagarlas\/#primaryimage"},"thumbnailUrl":"https:\/\/www.white-baos.com\/wp-content\/uploads\/2020\/10\/Spanish-rental-lease-agreement-dispute.png","datePublished":"2020-10-18T17:43:02+00:00","dateModified":"2022-06-28T11:12:49+00:00","description":"Reparaciones en el contrato de alquiler. Despacho Abogados. Derecho Inmobiliario. Arrendamiento de viviendas y locales urbanos en Espa\u00f1a","breadcrumb":{"@id":"https:\/\/www.white-baos.com\/es\/las-reparaciones-durante-el-contrato-de-alquiler-quien-debe-pagarlas\/#breadcrumb"},"inLanguage":"es","potentialAction":[{"@type":"ReadAction","target":["https:\/\/www.white-baos.com\/es\/las-reparaciones-durante-el-contrato-de-alquiler-quien-debe-pagarlas\/"]}]},{"@type":"ImageObject","inLanguage":"es","@id":"https:\/\/www.white-baos.com\/es\/las-reparaciones-durante-el-contrato-de-alquiler-quien-debe-pagarlas\/#primaryimage","url":"https:\/\/www.white-baos.com\/wp-content\/uploads\/2020\/10\/Spanish-rental-lease-agreement-dispute.png","contentUrl":"https:\/\/www.white-baos.com\/wp-content\/uploads\/2020\/10\/Spanish-rental-lease-agreement-dispute.png","width":1200,"height":628,"caption":"contrato alquiler Espa\u00f1a reparaci\u00f3n factura reclamaci\u00f3n legal"},{"@type":"BreadcrumbList","@id":"https:\/\/www.white-baos.com\/es\/las-reparaciones-durante-el-contrato-de-alquiler-quien-debe-pagarlas\/#breadcrumb","itemListElement":[{"@type":"ListItem","position":1,"name":"Portada","item":"https:\/\/www.white-baos.com\/es\/"},{"@type":"ListItem","position":2,"name":"Las reparaciones durante el contrato de alquiler, \u00bf qui\u00e9n debe pagarlas?."}]},{"@type":"WebSite","@id":"https:\/\/www.white-baos.com\/es\/#website","url":"https:\/\/www.white-baos.com\/es\/","name":"White &amp; Baos, Abogados &amp; Solicitors","description":"Anglo Spanish law firm established by both Spanish and UK lawyers based in Denia Alicante Spain","publisher":{"@id":"https:\/\/www.white-baos.com\/es\/#organization"},"potentialAction":[{"@type":"SearchAction","target":{"@type":"EntryPoint","urlTemplate":"https:\/\/www.white-baos.com\/es\/?s={search_term_string}"},"query-input":{"@type":"PropertyValueSpecification","valueRequired":true,"valueName":"search_term_string"}}],"inLanguage":"es"},{"@type":"Organization","@id":"https:\/\/www.white-baos.com\/es\/#organization","name":"White &amp; Baos, Abogados &amp; Solicitors","url":"https:\/\/www.white-baos.com\/es\/","logo":{"@type":"ImageObject","inLanguage":"es","@id":"https:\/\/www.white-baos.com\/es\/#\/schema\/logo\/image\/","url":"https:\/\/www.white-baos.com\/wp-content\/uploads\/2022\/09\/logo-wb-legalboutique-rojo.svg","contentUrl":"https:\/\/www.white-baos.com\/wp-content\/uploads\/2022\/09\/logo-wb-legalboutique-rojo.svg","width":100,"height":100,"caption":"White &amp; Baos, Abogados &amp; Solicitors"},"image":{"@id":"https:\/\/www.white-baos.com\/es\/#\/schema\/logo\/image\/"}},{"@type":"Person","@id":"https:\/\/www.white-baos.com\/es\/#\/schema\/person\/f25c24bff20eb2992c5efbed4dea4bc3","name":"Carlos Baos"}]}},"jetpack_featured_media_url":"https:\/\/www.white-baos.com\/wp-content\/uploads\/2020\/10\/Spanish-rental-lease-agreement-dispute.png","jetpack_sharing_enabled":true,"jetpack_likes_enabled":true,"_links":{"self":[{"href":"https:\/\/www.white-baos.com\/es\/wp-json\/wp\/v2\/posts\/9658","targetHints":{"allow":["GET"]}}],"collection":[{"href":"https:\/\/www.white-baos.com\/es\/wp-json\/wp\/v2\/posts"}],"about":[{"href":"https:\/\/www.white-baos.com\/es\/wp-json\/wp\/v2\/types\/post"}],"author":[{"embeddable":true,"href":"https:\/\/www.white-baos.com\/es\/wp-json\/wp\/v2\/users\/2"}],"replies":[{"embeddable":true,"href":"https:\/\/www.white-baos.com\/es\/wp-json\/wp\/v2\/comments?post=9658"}],"version-history":[{"count":2,"href":"https:\/\/www.white-baos.com\/es\/wp-json\/wp\/v2\/posts\/9658\/revisions"}],"predecessor-version":[{"id":12037,"href":"https:\/\/www.white-baos.com\/es\/wp-json\/wp\/v2\/posts\/9658\/revisions\/12037"}],"wp:featuredmedia":[{"embeddable":true,"href":"https:\/\/www.white-baos.com\/es\/wp-json\/wp\/v2\/media\/9659"}],"wp:attachment":[{"href":"https:\/\/www.white-baos.com\/es\/wp-json\/wp\/v2\/media?parent=9658"}],"wp:term":[{"taxonomy":"category","embeddable":true,"href":"https:\/\/www.white-baos.com\/es\/wp-json\/wp\/v2\/categories?post=9658"},{"taxonomy":"post_tag","embeddable":true,"href":"https:\/\/www.white-baos.com\/es\/wp-json\/wp\/v2\/tags?post=9658"}],"curies":[{"name":"wp","href":"https:\/\/api.w.org\/{rel}","templated":true}]}}