{"id":10619,"date":"2021-03-30T13:36:20","date_gmt":"2021-03-30T11:36:20","guid":{"rendered":"https:\/\/www.white-baos.com\/?p=10619"},"modified":"2021-03-30T13:36:27","modified_gmt":"2021-03-30T11:36:27","slug":"derechos-de-tanteo-y-retracto-en-la-comunidad-valenciana","status":"publish","type":"post","link":"https:\/\/www.white-baos.com\/es\/derechos-de-tanteo-y-retracto-en-la-comunidad-valenciana\/","title":{"rendered":"Cuidado con el derecho de tanteo y retracto de la administraci\u00f3n en la venta de inmuebles en la Comunidad Valenciana."},"content":{"rendered":"\n<p class=\"wp-block-paragraph\">En el articulo de hoy vamos a hablar del Decreto-ley 6\/2020, para la ampliaci\u00f3n de vivienda p\u00fablica mediante los derechos de tanteo y retracto en la Comunidad Valenciana<\/p>\n\n\n\n<p class=\"wp-block-paragraph\"><\/p>\n\n\n\n<h2 class=\"wp-block-heading\" id=\"h-el-derecho-de-tanteo\"><strong>El derecho de Tanteo.<\/strong><\/h2>\n\n\n\n<p class=\"wp-block-paragraph\">Seg\u00fan la norma se\u00f1alada, se confiere un derecho de retracto a la Generalitat Valenciana. Lo que significa, una preferencia frente a terceros en la compra de viviendas.<\/p>\n\n\n\n<p class=\"wp-block-paragraph\">Es decir, podr\u00e1 comprarlas pagando el precio de la venta. Y se le deber\u00e1 notificar a la administraci\u00f3n de forma previa a la venta.<\/p>\n\n\n\n<p class=\"wp-block-paragraph\"><\/p>\n\n\n\n<h2 class=\"wp-block-heading\" id=\"h-el-derecho-de-retracto\"><strong>El derecho de retracto.<\/strong><\/h2>\n\n\n\n<p class=\"wp-block-paragraph\">Igualmente, la norma se\u00f1alada reconoce el derecho de retracto a favor de las autoridades de la Comunidad Valenciana. Lo que significa, el derecho a adquirir la propiedad que se haya vendido, sin cumplir las obligaciones de notificaci\u00f3n antes se\u00f1aladas, etc.<\/p>\n\n\n\n<p class=\"wp-block-paragraph\"><\/p>\n\n\n\n<h2 class=\"wp-block-heading\" id=\"h-i-derecho-preferente-sobre-de-viviendas-de-protecci-n-oficial\"><strong><u>I.- Derecho \u00a0preferente sobre de viviendas de protecci\u00f3n oficial<\/u>.<\/strong><\/h2>\n\n\n\n<p class=\"wp-block-paragraph\">Se reconoce estos derechos de tanteo y retracto de la Generalitat, en relaci\u00f3n con las <strong>viviendas de protecci\u00f3n p\u00fablica<\/strong> y sus anejos, de acuerdo con esta ley, en tanto se mantenga dicha calificaci\u00f3n de protecci\u00f3n oficial.<\/p>\n\n\n\n<p class=\"wp-block-paragraph\">Una vivienda de protecci\u00f3n oficial, es aquella que ha sido normalmente promovida por la administraci\u00f3n p\u00fablica, y que normalmente va dirigida a personas con menos recursos econ\u00f3micos, teniendo un precio limitado, etc. Normalmente este r\u00e9gimen tiene una duraci\u00f3n limitada en el tiempo.<\/p>\n\n\n\n<p class=\"wp-block-paragraph\">En esta norma, y la circular posterior sobre su interpretaci\u00f3n, se ha aclarado, que no se podr\u00e1 adquirir preferentemente por la administraci\u00f3n, en el caso de herencias, o donaciones a favor de descendientes, ascendientes o c\u00f3nyuge o pareja de hecho debidamente acreditada, salvo que la vivienda no vaya a ser destinada a residencia habitual y permanente del nuevo titular.<\/p>\n\n\n\n<p class=\"wp-block-paragraph\">Duraci\u00f3n de estos derecho. En estos casos, la Generalitat ser\u00e1 titular de los derechos de tanteo y retracto respecto de las transmisiones efectuadas durante todo el per\u00edodo de vigencia del r\u00e9gimen de protecci\u00f3n oficial.<\/p>\n\n\n\n<p class=\"wp-block-paragraph\">Calificaci\u00f3n permanente. Las viviendas que sean adquiridas en el ejercicio de estos derechos de adquisici\u00f3n preferente por la administraci\u00f3n, pasar\u00e1n a ser calificadas como viviendas protegidas con car\u00e1cter permanente.<\/p>\n\n\n\n<p class=\"wp-block-paragraph\"><\/p>\n\n\n\n<h2 class=\"wp-block-heading\" id=\"h-ii-derechos-sobre-transmisiones-singulares\"><strong><u>II.- Derechos sobre transmisiones singulares.<\/u><\/strong><\/h2>\n\n\n\n<p class=\"wp-block-paragraph\">Igualmente, estos derechos de tanto y retracto, adem\u00e1s de sobre las viviendas de protecci\u00f3n oficial, se aplicar\u00e1n, igualmente ( con alguna matizaci\u00f3n) sobre una serie de <strong>transmisiones singulares.<\/strong><\/p>\n\n\n\n<p class=\"wp-block-paragraph\">\u00c9stas se describen en el articulo 10. Es decir, tendr\u00e1n igualmente derecho de adquisici\u00f3n preferentes en relaci\u00f3n con las propiedades:<\/p>\n\n\n\n<p class=\"wp-block-paragraph\">.- Las &nbsp;adquiridas mediante daci\u00f3n en pago de deuda con garant\u00eda hipotecaria.<\/p>\n\n\n\n<p class=\"wp-block-paragraph\">.-Las adquiridas en un proceso judicial de ejecuci\u00f3n hipotecaria o en un procedimiento de venta extrajudicial en sede notarial.<\/p>\n\n\n\n<p class=\"wp-block-paragraph\">.- Las transmisiones de edificios, con un m\u00ednimo de cinco viviendas, cuando se transmita al menos el &nbsp;80% de dicho edificio.<\/p>\n\n\n\n<p class=\"wp-block-paragraph\">ETC<\/p>\n\n\n\n<p class=\"wp-block-paragraph\">Como requisito esencial las viviendas deber\u00e1n estar ubicadas en los municipios incluidos en las \u00e1reas de necesidad de vivienda.<\/p>\n\n\n\n<p class=\"wp-block-paragraph\"><\/p>\n\n\n\n<p class=\"wp-block-paragraph\">Por lo tanto, si desea tener informaci\u00f3n sobre derechos de tanteo y retracto en la Comunidad Valenciana, \u00a0si usted va a adquirir una propiedad en Espa\u00f1a, o a venderla, y desea un asesoramiento legal, especializado experto, <a href=\"https:\/\/www.white-baos.com\/es\/contacto\/\">cont\u00e1ctenos.<\/a><\/p>\n\n\n\n<p class=\"wp-block-paragraph\"><\/p>\n\n\n\n<p class=\"wp-block-paragraph\">Puede igualmente mantenerse informado en nuestro<a href=\"https:\/\/www.facebook.com\/WhiteBaosAbogadosLawyers\" target=\"_blank\" rel=\"noreferrer noopener\"> FACEBOOK.<\/a><\/p>\n\n\n\n<p class=\"wp-block-paragraph\">La informaci\u00f3n proporcionada en este art\u00edculo no pretende ser asesoramiento legal, simplemente transmite informaci\u00f3n relacionada con cuestiones legales.<\/p>\n\n\n\n<p class=\"wp-block-paragraph\"><\/p>\n\n\n\n<p class=\"wp-block-paragraph\"><\/p>\n\n\n\n<p class=\"wp-block-paragraph\">Carlos Baos (Abogado)<\/p>\n\n\n\n<p class=\"wp-block-paragraph\">White &amp; Baos.<\/p>\n\n\n\n<p class=\"wp-block-paragraph\">Tel: +34 966 426 185<\/p>\n\n\n\n<p class=\"wp-block-paragraph\">E-mail: info@white-baos.com<\/p>\n\n\n\n<p class=\"wp-block-paragraph\">White &amp; Baos 2021 &#8211; Todos los Derechos Reservados.<\/p>\n","protected":false},"excerpt":{"rendered":"<p>Derecho inmobiliario espa\u00f1ol. Despacho de Abogados en Espa\u00f1a. derechos de tanteo y retracto en la Comunidad Valenciana [&#8230;]<\/p>\n<p><a class=\"btn btn-primary understrap-read-more-link\" href=\"https:\/\/www.white-baos.com\/es\/derechos-de-tanteo-y-retracto-en-la-comunidad-valenciana\/\">Leer m\u00e1s&#8230;<\/a><\/p>\n","protected":false},"author":2,"featured_media":10624,"comment_status":"open","ping_status":"open","sticky":false,"template":"","format":"standard","meta":{"_crdt_document":"","_jetpack_memberships_contains_paid_content":false,"footnotes":""},"categories":[389,374,390],"tags":[1049,1051,1050],"class_list":["post-10619","post","type-post","status-publish","format-standard","has-post-thumbnail","hentry","category-servicio-compra-de-propiedades-en-espana","category-derecho-inmobiliario-compraventas-arrendamientos-licencias-de-obra-etc","category-venta-de-propiedades-en-espana","tag-abogado","tag-derecho-inmobiliario","tag-derecho-retracto"],"yoast_head":"<!-- This site is optimized with the Yoast SEO plugin v27.0 - https:\/\/yoast.com\/product\/yoast-seo-wordpress\/ -->\n<title>derechos de tanteo y retracto en la Comunidad Valenciana<\/title>\n<meta name=\"description\" content=\"Derecho inmobiliario espa\u00f1ol. Despacho de Abogados en Espa\u00f1a. derechos de tanteo y retracto en la Comunidad Valenciana. Asesoramiento Legal.\" \/>\n<meta name=\"robots\" content=\"index, follow, max-snippet:-1, max-image-preview:large, max-video-preview:-1\" \/>\n<link rel=\"canonical\" href=\"https:\/\/www.white-baos.com\/es\/derechos-de-tanteo-y-retracto-en-la-comunidad-valenciana\/\" \/>\n<meta property=\"og:locale\" content=\"es_ES\" \/>\n<meta property=\"og:type\" content=\"article\" \/>\n<meta property=\"og:title\" content=\"derechos de tanteo y retracto en la Comunidad Valenciana\" \/>\n<meta property=\"og:description\" content=\"Derecho inmobiliario espa\u00f1ol. Despacho de Abogados en Espa\u00f1a. derechos de tanteo y retracto en la Comunidad Valenciana. Asesoramiento Legal.\" \/>\n<meta property=\"og:url\" content=\"https:\/\/www.white-baos.com\/es\/derechos-de-tanteo-y-retracto-en-la-comunidad-valenciana\/\" \/>\n<meta property=\"og:site_name\" content=\"White &amp; Baos, Abogados &amp; Solicitors\" \/>\n<meta property=\"article:published_time\" content=\"2021-03-30T11:36:20+00:00\" \/>\n<meta property=\"article:modified_time\" content=\"2021-03-30T11:36:27+00:00\" \/>\n<meta property=\"og:image\" content=\"https:\/\/www.white-baos.com\/wp-content\/uploads\/2021\/03\/Derechos-de-tanteo-y-retracto-en-la-Comunidad-Valenciana.jpg\" \/>\n\t<meta property=\"og:image:width\" content=\"1200\" \/>\n\t<meta property=\"og:image:height\" content=\"628\" \/>\n\t<meta property=\"og:image:type\" content=\"image\/jpeg\" \/>\n<meta name=\"author\" content=\"Carlos Baos\" \/>\n<meta name=\"twitter:card\" content=\"summary_large_image\" \/>\n<meta name=\"twitter:label1\" content=\"Escrito por\" \/>\n\t<meta name=\"twitter:data1\" content=\"Carlos Baos\" \/>\n\t<meta name=\"twitter:label2\" content=\"Tiempo de lectura\" \/>\n\t<meta name=\"twitter:data2\" content=\"3 minutos\" \/>\n<script type=\"application\/ld+json\" class=\"yoast-schema-graph\">{\"@context\":\"https:\/\/schema.org\",\"@graph\":[{\"@type\":\"Article\",\"@id\":\"https:\/\/www.white-baos.com\/es\/derechos-de-tanteo-y-retracto-en-la-comunidad-valenciana\/#article\",\"isPartOf\":{\"@id\":\"https:\/\/www.white-baos.com\/es\/derechos-de-tanteo-y-retracto-en-la-comunidad-valenciana\/\"},\"author\":{\"name\":\"Carlos Baos\",\"@id\":\"https:\/\/www.white-baos.com\/es\/#\/schema\/person\/f25c24bff20eb2992c5efbed4dea4bc3\"},\"headline\":\"Cuidado con el derecho de tanteo y retracto de la administraci\u00f3n en la venta de inmuebles en la Comunidad Valenciana.\",\"datePublished\":\"2021-03-30T11:36:20+00:00\",\"dateModified\":\"2021-03-30T11:36:27+00:00\",\"mainEntityOfPage\":{\"@id\":\"https:\/\/www.white-baos.com\/es\/derechos-de-tanteo-y-retracto-en-la-comunidad-valenciana\/\"},\"wordCount\":613,\"commentCount\":0,\"publisher\":{\"@id\":\"https:\/\/www.white-baos.com\/es\/#organization\"},\"image\":{\"@id\":\"https:\/\/www.white-baos.com\/es\/derechos-de-tanteo-y-retracto-en-la-comunidad-valenciana\/#primaryimage\"},\"thumbnailUrl\":\"https:\/\/www.white-baos.com\/wp-content\/uploads\/2021\/03\/Derechos-de-tanteo-y-retracto-en-la-Comunidad-Valenciana.jpg\",\"keywords\":[\"abogado\",\"derecho inmobiliario\",\"Derecho retracto\"],\"articleSection\":[\"Compra de propiedades en Espa\u00f1a\",\"DERECHO INMOBILIARIO: compraventas, arrendamientos, licencias de obra, etc.\",\"Venta de propiedades en Espa\u00f1a\"],\"inLanguage\":\"es\",\"potentialAction\":[{\"@type\":\"CommentAction\",\"name\":\"Comment\",\"target\":[\"https:\/\/www.white-baos.com\/es\/derechos-de-tanteo-y-retracto-en-la-comunidad-valenciana\/#respond\"]}]},{\"@type\":\"WebPage\",\"@id\":\"https:\/\/www.white-baos.com\/es\/derechos-de-tanteo-y-retracto-en-la-comunidad-valenciana\/\",\"url\":\"https:\/\/www.white-baos.com\/es\/derechos-de-tanteo-y-retracto-en-la-comunidad-valenciana\/\",\"name\":\"derechos de tanteo y retracto en la Comunidad Valenciana\",\"isPartOf\":{\"@id\":\"https:\/\/www.white-baos.com\/es\/#website\"},\"primaryImageOfPage\":{\"@id\":\"https:\/\/www.white-baos.com\/es\/derechos-de-tanteo-y-retracto-en-la-comunidad-valenciana\/#primaryimage\"},\"image\":{\"@id\":\"https:\/\/www.white-baos.com\/es\/derechos-de-tanteo-y-retracto-en-la-comunidad-valenciana\/#primaryimage\"},\"thumbnailUrl\":\"https:\/\/www.white-baos.com\/wp-content\/uploads\/2021\/03\/Derechos-de-tanteo-y-retracto-en-la-Comunidad-Valenciana.jpg\",\"datePublished\":\"2021-03-30T11:36:20+00:00\",\"dateModified\":\"2021-03-30T11:36:27+00:00\",\"description\":\"Derecho inmobiliario espa\u00f1ol. Despacho de Abogados en Espa\u00f1a. derechos de tanteo y retracto en la Comunidad Valenciana. Asesoramiento Legal.\",\"breadcrumb\":{\"@id\":\"https:\/\/www.white-baos.com\/es\/derechos-de-tanteo-y-retracto-en-la-comunidad-valenciana\/#breadcrumb\"},\"inLanguage\":\"es\",\"potentialAction\":[{\"@type\":\"ReadAction\",\"target\":[\"https:\/\/www.white-baos.com\/es\/derechos-de-tanteo-y-retracto-en-la-comunidad-valenciana\/\"]}]},{\"@type\":\"ImageObject\",\"inLanguage\":\"es\",\"@id\":\"https:\/\/www.white-baos.com\/es\/derechos-de-tanteo-y-retracto-en-la-comunidad-valenciana\/#primaryimage\",\"url\":\"https:\/\/www.white-baos.com\/wp-content\/uploads\/2021\/03\/Derechos-de-tanteo-y-retracto-en-la-Comunidad-Valenciana.jpg\",\"contentUrl\":\"https:\/\/www.white-baos.com\/wp-content\/uploads\/2021\/03\/Derechos-de-tanteo-y-retracto-en-la-Comunidad-Valenciana.jpg\",\"width\":1200,\"height\":628,\"caption\":\"derechos de tanteo y retracto en la Comunidad Valenciana\"},{\"@type\":\"BreadcrumbList\",\"@id\":\"https:\/\/www.white-baos.com\/es\/derechos-de-tanteo-y-retracto-en-la-comunidad-valenciana\/#breadcrumb\",\"itemListElement\":[{\"@type\":\"ListItem\",\"position\":1,\"name\":\"Portada\",\"item\":\"https:\/\/www.white-baos.com\/es\/\"},{\"@type\":\"ListItem\",\"position\":2,\"name\":\"Cuidado con el derecho de tanteo y retracto de la administraci\u00f3n en la venta de inmuebles en la Comunidad Valenciana.\"}]},{\"@type\":\"WebSite\",\"@id\":\"https:\/\/www.white-baos.com\/es\/#website\",\"url\":\"https:\/\/www.white-baos.com\/es\/\",\"name\":\"White &amp; Baos, Abogados &amp; Solicitors\",\"description\":\"Anglo Spanish law firm established by both Spanish and UK lawyers based in Denia Alicante Spain\",\"publisher\":{\"@id\":\"https:\/\/www.white-baos.com\/es\/#organization\"},\"potentialAction\":[{\"@type\":\"SearchAction\",\"target\":{\"@type\":\"EntryPoint\",\"urlTemplate\":\"https:\/\/www.white-baos.com\/es\/?s={search_term_string}\"},\"query-input\":{\"@type\":\"PropertyValueSpecification\",\"valueRequired\":true,\"valueName\":\"search_term_string\"}}],\"inLanguage\":\"es\"},{\"@type\":\"Organization\",\"@id\":\"https:\/\/www.white-baos.com\/es\/#organization\",\"name\":\"White &amp; Baos, Abogados &amp; Solicitors\",\"url\":\"https:\/\/www.white-baos.com\/es\/\",\"logo\":{\"@type\":\"ImageObject\",\"inLanguage\":\"es\",\"@id\":\"https:\/\/www.white-baos.com\/es\/#\/schema\/logo\/image\/\",\"url\":\"https:\/\/www.white-baos.com\/wp-content\/uploads\/2022\/09\/logo-wb-legalboutique-rojo.svg\",\"contentUrl\":\"https:\/\/www.white-baos.com\/wp-content\/uploads\/2022\/09\/logo-wb-legalboutique-rojo.svg\",\"width\":100,\"height\":100,\"caption\":\"White &amp; Baos, Abogados &amp; Solicitors\"},\"image\":{\"@id\":\"https:\/\/www.white-baos.com\/es\/#\/schema\/logo\/image\/\"}},{\"@type\":\"Person\",\"@id\":\"https:\/\/www.white-baos.com\/es\/#\/schema\/person\/f25c24bff20eb2992c5efbed4dea4bc3\",\"name\":\"Carlos Baos\"}]}<\/script>\n<!-- \/ Yoast SEO plugin. -->","yoast_head_json":{"title":"derechos de tanteo y retracto en la Comunidad Valenciana","description":"Derecho inmobiliario espa\u00f1ol. Despacho de Abogados en Espa\u00f1a. derechos de tanteo y retracto en la Comunidad Valenciana. Asesoramiento Legal.","robots":{"index":"index","follow":"follow","max-snippet":"max-snippet:-1","max-image-preview":"max-image-preview:large","max-video-preview":"max-video-preview:-1"},"canonical":"https:\/\/www.white-baos.com\/es\/derechos-de-tanteo-y-retracto-en-la-comunidad-valenciana\/","og_locale":"es_ES","og_type":"article","og_title":"derechos de tanteo y retracto en la Comunidad Valenciana","og_description":"Derecho inmobiliario espa\u00f1ol. Despacho de Abogados en Espa\u00f1a. derechos de tanteo y retracto en la Comunidad Valenciana. Asesoramiento Legal.","og_url":"https:\/\/www.white-baos.com\/es\/derechos-de-tanteo-y-retracto-en-la-comunidad-valenciana\/","og_site_name":"White &amp; Baos, Abogados &amp; Solicitors","article_published_time":"2021-03-30T11:36:20+00:00","article_modified_time":"2021-03-30T11:36:27+00:00","og_image":[{"width":1200,"height":628,"url":"https:\/\/www.white-baos.com\/wp-content\/uploads\/2021\/03\/Derechos-de-tanteo-y-retracto-en-la-Comunidad-Valenciana.jpg","type":"image\/jpeg"}],"author":"Carlos Baos","twitter_card":"summary_large_image","twitter_misc":{"Escrito por":"Carlos Baos","Tiempo de lectura":"3 minutos"},"schema":{"@context":"https:\/\/schema.org","@graph":[{"@type":"Article","@id":"https:\/\/www.white-baos.com\/es\/derechos-de-tanteo-y-retracto-en-la-comunidad-valenciana\/#article","isPartOf":{"@id":"https:\/\/www.white-baos.com\/es\/derechos-de-tanteo-y-retracto-en-la-comunidad-valenciana\/"},"author":{"name":"Carlos Baos","@id":"https:\/\/www.white-baos.com\/es\/#\/schema\/person\/f25c24bff20eb2992c5efbed4dea4bc3"},"headline":"Cuidado con el derecho de tanteo y retracto de la administraci\u00f3n en la venta de inmuebles en la Comunidad Valenciana.","datePublished":"2021-03-30T11:36:20+00:00","dateModified":"2021-03-30T11:36:27+00:00","mainEntityOfPage":{"@id":"https:\/\/www.white-baos.com\/es\/derechos-de-tanteo-y-retracto-en-la-comunidad-valenciana\/"},"wordCount":613,"commentCount":0,"publisher":{"@id":"https:\/\/www.white-baos.com\/es\/#organization"},"image":{"@id":"https:\/\/www.white-baos.com\/es\/derechos-de-tanteo-y-retracto-en-la-comunidad-valenciana\/#primaryimage"},"thumbnailUrl":"https:\/\/www.white-baos.com\/wp-content\/uploads\/2021\/03\/Derechos-de-tanteo-y-retracto-en-la-Comunidad-Valenciana.jpg","keywords":["abogado","derecho inmobiliario","Derecho retracto"],"articleSection":["Compra de propiedades en Espa\u00f1a","DERECHO INMOBILIARIO: compraventas, arrendamientos, licencias de obra, etc.","Venta de propiedades en Espa\u00f1a"],"inLanguage":"es","potentialAction":[{"@type":"CommentAction","name":"Comment","target":["https:\/\/www.white-baos.com\/es\/derechos-de-tanteo-y-retracto-en-la-comunidad-valenciana\/#respond"]}]},{"@type":"WebPage","@id":"https:\/\/www.white-baos.com\/es\/derechos-de-tanteo-y-retracto-en-la-comunidad-valenciana\/","url":"https:\/\/www.white-baos.com\/es\/derechos-de-tanteo-y-retracto-en-la-comunidad-valenciana\/","name":"derechos de tanteo y retracto en la Comunidad Valenciana","isPartOf":{"@id":"https:\/\/www.white-baos.com\/es\/#website"},"primaryImageOfPage":{"@id":"https:\/\/www.white-baos.com\/es\/derechos-de-tanteo-y-retracto-en-la-comunidad-valenciana\/#primaryimage"},"image":{"@id":"https:\/\/www.white-baos.com\/es\/derechos-de-tanteo-y-retracto-en-la-comunidad-valenciana\/#primaryimage"},"thumbnailUrl":"https:\/\/www.white-baos.com\/wp-content\/uploads\/2021\/03\/Derechos-de-tanteo-y-retracto-en-la-Comunidad-Valenciana.jpg","datePublished":"2021-03-30T11:36:20+00:00","dateModified":"2021-03-30T11:36:27+00:00","description":"Derecho inmobiliario espa\u00f1ol. Despacho de Abogados en Espa\u00f1a. derechos de tanteo y retracto en la Comunidad Valenciana. Asesoramiento Legal.","breadcrumb":{"@id":"https:\/\/www.white-baos.com\/es\/derechos-de-tanteo-y-retracto-en-la-comunidad-valenciana\/#breadcrumb"},"inLanguage":"es","potentialAction":[{"@type":"ReadAction","target":["https:\/\/www.white-baos.com\/es\/derechos-de-tanteo-y-retracto-en-la-comunidad-valenciana\/"]}]},{"@type":"ImageObject","inLanguage":"es","@id":"https:\/\/www.white-baos.com\/es\/derechos-de-tanteo-y-retracto-en-la-comunidad-valenciana\/#primaryimage","url":"https:\/\/www.white-baos.com\/wp-content\/uploads\/2021\/03\/Derechos-de-tanteo-y-retracto-en-la-Comunidad-Valenciana.jpg","contentUrl":"https:\/\/www.white-baos.com\/wp-content\/uploads\/2021\/03\/Derechos-de-tanteo-y-retracto-en-la-Comunidad-Valenciana.jpg","width":1200,"height":628,"caption":"derechos de tanteo y retracto en la Comunidad Valenciana"},{"@type":"BreadcrumbList","@id":"https:\/\/www.white-baos.com\/es\/derechos-de-tanteo-y-retracto-en-la-comunidad-valenciana\/#breadcrumb","itemListElement":[{"@type":"ListItem","position":1,"name":"Portada","item":"https:\/\/www.white-baos.com\/es\/"},{"@type":"ListItem","position":2,"name":"Cuidado con el derecho de tanteo y retracto de la administraci\u00f3n en la venta de inmuebles en la Comunidad Valenciana."}]},{"@type":"WebSite","@id":"https:\/\/www.white-baos.com\/es\/#website","url":"https:\/\/www.white-baos.com\/es\/","name":"White &amp; Baos, Abogados &amp; Solicitors","description":"Anglo Spanish law firm established by both Spanish and UK lawyers based in Denia Alicante Spain","publisher":{"@id":"https:\/\/www.white-baos.com\/es\/#organization"},"potentialAction":[{"@type":"SearchAction","target":{"@type":"EntryPoint","urlTemplate":"https:\/\/www.white-baos.com\/es\/?s={search_term_string}"},"query-input":{"@type":"PropertyValueSpecification","valueRequired":true,"valueName":"search_term_string"}}],"inLanguage":"es"},{"@type":"Organization","@id":"https:\/\/www.white-baos.com\/es\/#organization","name":"White &amp; Baos, Abogados &amp; Solicitors","url":"https:\/\/www.white-baos.com\/es\/","logo":{"@type":"ImageObject","inLanguage":"es","@id":"https:\/\/www.white-baos.com\/es\/#\/schema\/logo\/image\/","url":"https:\/\/www.white-baos.com\/wp-content\/uploads\/2022\/09\/logo-wb-legalboutique-rojo.svg","contentUrl":"https:\/\/www.white-baos.com\/wp-content\/uploads\/2022\/09\/logo-wb-legalboutique-rojo.svg","width":100,"height":100,"caption":"White &amp; Baos, Abogados &amp; Solicitors"},"image":{"@id":"https:\/\/www.white-baos.com\/es\/#\/schema\/logo\/image\/"}},{"@type":"Person","@id":"https:\/\/www.white-baos.com\/es\/#\/schema\/person\/f25c24bff20eb2992c5efbed4dea4bc3","name":"Carlos Baos"}]}},"jetpack_featured_media_url":"https:\/\/www.white-baos.com\/wp-content\/uploads\/2021\/03\/Derechos-de-tanteo-y-retracto-en-la-Comunidad-Valenciana.jpg","jetpack_sharing_enabled":true,"jetpack_likes_enabled":true,"_links":{"self":[{"href":"https:\/\/www.white-baos.com\/es\/wp-json\/wp\/v2\/posts\/10619","targetHints":{"allow":["GET"]}}],"collection":[{"href":"https:\/\/www.white-baos.com\/es\/wp-json\/wp\/v2\/posts"}],"about":[{"href":"https:\/\/www.white-baos.com\/es\/wp-json\/wp\/v2\/types\/post"}],"author":[{"embeddable":true,"href":"https:\/\/www.white-baos.com\/es\/wp-json\/wp\/v2\/users\/2"}],"replies":[{"embeddable":true,"href":"https:\/\/www.white-baos.com\/es\/wp-json\/wp\/v2\/comments?post=10619"}],"version-history":[{"count":1,"href":"https:\/\/www.white-baos.com\/es\/wp-json\/wp\/v2\/posts\/10619\/revisions"}],"predecessor-version":[{"id":10632,"href":"https:\/\/www.white-baos.com\/es\/wp-json\/wp\/v2\/posts\/10619\/revisions\/10632"}],"wp:featuredmedia":[{"embeddable":true,"href":"https:\/\/www.white-baos.com\/es\/wp-json\/wp\/v2\/media\/10624"}],"wp:attachment":[{"href":"https:\/\/www.white-baos.com\/es\/wp-json\/wp\/v2\/media?parent=10619"}],"wp:term":[{"taxonomy":"category","embeddable":true,"href":"https:\/\/www.white-baos.com\/es\/wp-json\/wp\/v2\/categories?post=10619"},{"taxonomy":"post_tag","embeddable":true,"href":"https:\/\/www.white-baos.com\/es\/wp-json\/wp\/v2\/tags?post=10619"}],"curies":[{"name":"wp","href":"https:\/\/api.w.org\/{rel}","templated":true}]}}